{"id":2089,"date":"2025-06-14T12:23:51","date_gmt":"2025-06-14T10:23:51","guid":{"rendered":"https:\/\/amdt-demenagement.com\/?p=2089"},"modified":"2025-10-05T19:02:18","modified_gmt":"2025-10-05T17:02:18","slug":"saisonnalite-demande-demenagement","status":"publish","type":"post","link":"https:\/\/amdt-demenagement.com\/en\/saisonnalite-demande-demenagement\/","title":{"rendered":"\u00c9t\u00e9 ou hiver : comment la p\u00e9riode peut impacter votre d\u00e9m\u00e9nagement ?"},"content":{"rendered":"<p>Le choix de la p\u00e9riode pour organiser son d\u00e9m\u00e9nagement n\u2019est jamais anodin. Si la majorit\u00e9 des Fran\u00e7ais privil\u00e9gient l\u2019\u00e9t\u00e9, cette pr\u00e9f\u00e9rence n\u2019est pas sans cons\u00e9quence sur les d\u00e9lais, la <strong>disponibilit\u00e9 des d\u00e9m\u00e9nageurs<\/strong> et, surtout, sur le <strong>co\u00fbt de la prestation<\/strong>. \u00c0 l\u2019inverse, l\u2019hiver, souvent d\u00e9laiss\u00e9, offre pourtant de r\u00e9els avantages logistiques et financiers. AMDT D\u00e9m\u00e9nagement, sp\u00e9cialiste du d\u00e9m\u00e9nagement national et international, vous explique pourquoi la saisonnalit\u00e9 de l\u2019activit\u00e9 est un facteur cl\u00e9 \u00e0 prendre en compte pour r\u00e9ussir votre changement de domicile dans les meilleures conditions.<\/p>\n\n\n\n<h2 class=\"wp-block-heading\"><strong>La saisonnalit\u00e9 du d\u00e9m\u00e9nagement : une r\u00e9alit\u00e9 bien ancr\u00e9e<\/strong><\/h2>\n\n\n\n<p>Le secteur du d\u00e9m\u00e9nagement est marqu\u00e9 par une forte saisonnalit\u00e9. Chaque ann\u00e9e, p<strong>lus de la moiti\u00e9 des d\u00e9m\u00e9nagements en France ont lieu entre la mi-juin et la mi-septembre<\/strong>, avec un pic durant les vacances scolaires et la p\u00e9riode estivale. Ce ph\u00e9nom\u00e8ne s\u2019explique par plusieurs raisons\u202f: la m\u00e9t\u00e9o plus cl\u00e9mente, la disponibilit\u00e9 des familles pendant les cong\u00e9s, la volont\u00e9 de ne pas perturber la scolarit\u00e9 des enfants, ou encore la facilit\u00e9 \u00e0 mobiliser de l\u2019aide parmi ses proches.<\/p>\n\n\n\n<p>Mais cette concentration de la demande entra\u00eene m\u00e9caniquement une saturation des plannings des entreprises de d\u00e9m\u00e9nagement. Les cr\u00e9neaux disponibles se font rares, les d\u00e9lais s\u2019allongent, et les tarifs s\u2019envolent. Il n\u2019est pas rare de constater une <strong>hausse de prix de 30 \u00e0 50\u202f% en haute saison<\/strong> par rapport \u00e0 l\u2019hiver ou \u00e0 l\u2019automne. Pour obtenir une date, il faut souvent r\u00e9server plusieurs mois \u00e0 l\u2019avance, parfois jusqu\u2019\u00e0 quatre mois pour les p\u00e9riodes les plus demand\u00e9es.<\/p>\n\n\n\n<h2 class=\"wp-block-heading\"><strong>D\u00e9m\u00e9nager en \u00e9t\u00e9 : avantages et inconv\u00e9nients<\/strong><\/h2>\n\n\n\n<p>L\u2019\u00e9t\u00e9 reste la saison privil\u00e9gi\u00e9e pour d\u00e9m\u00e9nager, et cela n\u2019a rien d\u2019\u00e9tonnant. Les journ\u00e9es sont longues, la m\u00e9t\u00e9o g\u00e9n\u00e9ralement favorable, et il est plus facile de s\u2019organiser sans contraintes scolaires ou professionnelles. Pour les familles, c\u2019est aussi l\u2019assurance d\u2019une transition en douceur pour les enfants, qui peuvent commencer une nouvelle ann\u00e9e scolaire dans leur nouvel environnement.<\/p>\n\n\n\n<p>Cependant, cette attractivit\u00e9 a un prix. Les d\u00e9m\u00e9nageurs sont tr\u00e8s sollicit\u00e9s, ce qui limite la flexibilit\u00e9 sur les dates et r\u00e9duit la marge de n\u00e9gociation sur les tarifs. Les prix peuvent grimper par rapport \u00e0 la basse saison, et les cr\u00e9neaux les plus pris\u00e9s sont r\u00e9serv\u00e9s tr\u00e8s t\u00f4t. En cas de retard dans la r\u00e9servation, il peut \u00eatre difficile de trouver un professionnel disponible, ou alors \u00e0 un co\u00fbt bien sup\u00e9rieur \u00e0 la moyenne.<\/p>\n\n\n\n<p>Autre point \u00e0 ne pas n\u00e9gliger\u202f: les fortes chaleurs. D\u00e9m\u00e9nager sous 35 \u00b0C peut rendre la manutention \u00e9prouvante, voire risqu\u00e9e pour les personnes sensibles. Certains objets, comme l\u2019\u00e9lectronique ou les plantes, peuvent souffrir des temp\u00e9ratures extr\u00eames. Les professionnels du secteur, comme AMDT D\u00e9m\u00e9nagement, savent adapter leur organisation pour limiter ces d\u00e9sagr\u00e9ments, mais il reste important d\u2019en tenir compte lors de la planification.<\/p>\n\n\n\n<h2 class=\"wp-block-heading\"><strong>D\u00e9m\u00e9nager en hiver : une alternative avantageuse<\/strong><\/h2>\n\n\n\n<p>\u00c0 l\u2019inverse, l\u2019hiver et l\u2019automne sont consid\u00e9r\u00e9s comme la basse saison du d\u00e9m\u00e9nagement. De la mi-octobre \u00e0 la fin mars, la demande baisse, les <strong>plannings des d\u00e9m\u00e9nageurs se lib\u00e8rent<\/strong>, et les <strong>tarifs deviennent plus attractifs<\/strong>.<\/p>\n\n\n\n<p>La disponibilit\u00e9 des \u00e9quipes est \u00e9galement un atout majeur. Il est plus facile de choisir la date qui vous convient, de b\u00e9n\u00e9ficier d\u2019une prestation sur-mesure et d\u2019obtenir des conseils personnalis\u00e9s. Les d\u00e9m\u00e9nageurs sont plus flexibles, r\u00e9actifs, et ont plus de temps pour vous accompagner dans la pr\u00e9paration de cette transition.<\/p>\n\n\n\n<p>Certes, l\u2019hiver pr\u00e9sente quelques contraintes\u202f: journ\u00e9es plus courtes, m\u00e9t\u00e9o parfois capricieuse, risques de pluie, de neige ou de verglas. Mais nos \u00e9quipes exp\u00e9riment\u00e9es <strong>AMDT D\u00e9m\u00e9nagement disposent de tout le mat\u00e9riel adapt\u00e9 pour faire face \u00e0 ces conditions<\/strong>\u202f: camions \u00e9quip\u00e9s, protections sp\u00e9cifiques pour le mobilier, housses et b\u00e2ches, \u00e9quipes form\u00e9es \u00e0 la manutention par tous temps. Vos biens sont emball\u00e9s et transport\u00e9s dans les meilleures conditions, avec une vigilance accrue pour \u00e9viter tout dommage li\u00e9 \u00e0 l\u2019humidit\u00e9 ou au froid.<\/p>\n\n\n\n<h2 class=\"wp-block-heading\"><strong>AMDT D\u00e9m\u00e9nagement\u202f: un service de qualit\u00e9, quelle que soit la saison<\/strong><\/h2>\n\n\n\n<p>Chez AMDT D\u00e9m\u00e9nagement, nous savons que chaque d\u00e9m\u00e9nagement est unique et que les contraintes saisonni\u00e8res ne doivent pas \u00eatre un obstacle \u00e0 votre projet. Nos \u00e9quipes sont form\u00e9es et \u00e9quip\u00e9es pour intervenir toute l\u2019ann\u00e9e, m\u00eame en hiver, avec la m\u00eame exigence de qualit\u00e9 et de s\u00e9curit\u00e9. Nous utilisons du mat\u00e9riel professionnel et adapt\u00e9 pour prot\u00e9ger vos meubles et vos cartons des intemp\u00e9ries, et nous adaptons nos m\u00e9thodes de travail aux conditions climatiques pour garantir un transport sans encombre.<\/p>\n\n\n\n<p>Que vous d\u00e9m\u00e9nagiez en plein \u00e9t\u00e9 ou au c\u0153ur de l\u2019hiver, notre priorit\u00e9 reste la pr\u00e9servation de vos biens et la satisfaction de nos clients. En basse saison, nous pouvons vous proposer des conditions tarifaires plus avantageuses, une plus grande disponibilit\u00e9 et une flexibilit\u00e9 accrue sur le choix des dates. Cela peut vous permettre de d\u00e9m\u00e9nager dans les m\u00eames conditions qu\u2019en pleine saison, tout en ma\u00eetrisant votre budget.<\/p>\n\n\n\n<h3 class=\"wp-block-heading\"><strong>Nos conseils pour bien choisir votre p\u00e9riode de d\u00e9m\u00e9nagement<\/strong><\/h3>\n\n\n\n<ul class=\"wp-block-list\">\n<li><strong>Si vous devez d\u00e9m\u00e9nager en \u00e9t\u00e9, anticipez au maximum<\/strong>\u202f: demandez votre devis plusieurs mois \u00e0 l\u2019avance, soyez flexible sur les dates et pr\u00e9parez-vous \u00e0 des tarifs plus \u00e9lev\u00e9s.<\/li>\n\n\n\n<li>Si vous avez la possibilit\u00e9 de d\u00e9m\u00e9nager en hiver ou en automne, <strong>profitez de la baisse de la demande pour obtenir de meilleurs prix<\/strong>, plus de choix dans les cr\u00e9neaux et un accompagnement personnalis\u00e9.<\/li>\n<\/ul>\n\n\n\n<p>Quelles que soient les conditions m\u00e9t\u00e9orologiques, faites confiance \u00e0 un professionnel exp\u00e9riment\u00e9 comme AMDT D\u00e9m\u00e9nagement pour anticiper les al\u00e9as et prot\u00e9ger efficacement vos biens.<\/p>\n\n\n\n<p><\/p>\n\n\n\n<hr class=\"wp-block-separator has-alpha-channel-opacity\"\/>\n\n\n\n<p>La p\u00e9riode de l\u2019ann\u00e9e a un impact direct sur le d\u00e9roulement et le co\u00fbt de votre d\u00e9m\u00e9nagement. Si l\u2019\u00e9t\u00e9 s\u00e9duit par sa m\u00e9t\u00e9o et sa praticit\u00e9 pour les familles, il s\u2019accompagne de prix \u00e9lev\u00e9s et de d\u00e9lais allong\u00e9s. L\u2019hiver, au contraire, offre des conditions tarifaires plus avantageuses, une plus grande disponibilit\u00e9 et la garantie d\u2019un service tout aussi professionnel gr\u00e2ce \u00e0 l\u2019expertise et \u00e0 l\u2019\u00e9quipement utilis\u00e9 par AMDT D\u00e9m\u00e9nagement. Pour un d\u00e9m\u00e9nagement r\u00e9ussi, prenez le temps de bien choisir votre p\u00e9riode et n\u2019h\u00e9sitez pas \u00e0 solliciter nos \u00e9quipes pour b\u00e9n\u00e9ficier de conseils personnalis\u00e9s et d\u2019un accompagnement sur-mesure selon vos besoins.<\/p>","protected":false},"excerpt":{"rendered":"<p>Le choix de la p\u00e9riode pour organiser son d\u00e9m\u00e9nagement n\u2019est jamais anodin. Si la majorit\u00e9 des Fran\u00e7ais privil\u00e9gient l\u2019\u00e9t\u00e9, cette pr\u00e9f\u00e9rence n\u2019est pas sans cons\u00e9quence sur les d\u00e9lais, la disponibilit\u00e9 des d\u00e9m\u00e9nageurs et, surtout, sur le co\u00fbt de la prestation. \u00c0 l\u2019inverse, l\u2019hiver, souvent d\u00e9laiss\u00e9, offre pourtant de r\u00e9els avantages logistiques et financiers. AMDT D\u00e9m\u00e9nagement, [&hellip;]<\/p>","protected":false},"author":2,"featured_media":2090,"comment_status":"closed","ping_status":"open","sticky":false,"template":"","format":"standard","meta":{"footnotes":""},"categories":[1],"tags":[],"class_list":["post-2089","post","type-post","status-publish","format-standard","has-post-thumbnail","hentry","category-conseils-et-actualites"],"yoast_head":"<!-- This site is optimized with the Yoast SEO plugin v25.3 - https:\/\/yoast.com\/wordpress\/plugins\/seo\/ -->\n<title>\u00c9t\u00e9 ou hiver : comment la p\u00e9riode peut impacter votre d\u00e9m\u00e9nagement ? - AMDT - D\u00e9m\u00e9nagement<\/title>\n<meta name=\"robots\" content=\"index, follow, max-snippet:-1, max-image-preview:large, max-video-preview:-1\" \/>\n<link rel=\"canonical\" href=\"https:\/\/amdt-demenagement.com\/en\/saisonnalite-demande-demenagement\/\" \/>\n<meta property=\"og:locale\" content=\"en_GB\" \/>\n<meta property=\"og:type\" content=\"article\" \/>\n<meta property=\"og:title\" content=\"\u00c9t\u00e9 ou hiver : comment la p\u00e9riode peut impacter votre d\u00e9m\u00e9nagement ? - AMDT - D\u00e9m\u00e9nagement\" \/>\n<meta property=\"og:description\" content=\"Le choix de la p\u00e9riode pour organiser son d\u00e9m\u00e9nagement n\u2019est jamais anodin. Si la majorit\u00e9 des Fran\u00e7ais privil\u00e9gient l\u2019\u00e9t\u00e9, cette pr\u00e9f\u00e9rence n\u2019est pas sans cons\u00e9quence sur les d\u00e9lais, la disponibilit\u00e9 des d\u00e9m\u00e9nageurs et, surtout, sur le co\u00fbt de la prestation. \u00c0 l\u2019inverse, l\u2019hiver, souvent d\u00e9laiss\u00e9, offre pourtant de r\u00e9els avantages logistiques et financiers. AMDT D\u00e9m\u00e9nagement, [&hellip;]\" \/>\n<meta property=\"og:url\" content=\"https:\/\/amdt-demenagement.com\/en\/saisonnalite-demande-demenagement\/\" \/>\n<meta property=\"og:site_name\" content=\"AMDT - D\u00e9m\u00e9nagement\" \/>\n<meta property=\"article:published_time\" content=\"2025-06-14T10:23:51+00:00\" \/>\n<meta property=\"article:modified_time\" content=\"2025-10-05T17:02:18+00:00\" \/>\n<meta property=\"og:image\" content=\"https:\/\/amdt-demenagement.com\/wp-content\/uploads\/2025\/06\/amdt-demenagement-saisonnalite-hiver-ete.jpg\" \/>\n\t<meta property=\"og:image:width\" content=\"1200\" \/>\n\t<meta property=\"og:image:height\" content=\"800\" \/>\n\t<meta property=\"og:image:type\" content=\"image\/jpeg\" \/>\n<meta name=\"author\" content=\"Theo Altemuller\" \/>\n<meta name=\"twitter:card\" content=\"summary_large_image\" \/>\n<meta name=\"twitter:label1\" content=\"Written by\" \/>\n\t<meta name=\"twitter:data1\" content=\"Theo Altemuller\" \/>\n\t<meta name=\"twitter:label2\" content=\"Estimated reading time\" \/>\n\t<meta name=\"twitter:data2\" content=\"6 minutes\" \/>\n<script type=\"application\/ld+json\" class=\"yoast-schema-graph\">{\"@context\":\"https:\/\/schema.org\",\"@graph\":[{\"@type\":\"Article\",\"@id\":\"https:\/\/amdt-demenagement.com\/saisonnalite-demande-demenagement\/#article\",\"isPartOf\":{\"@id\":\"https:\/\/amdt-demenagement.com\/saisonnalite-demande-demenagement\/\"},\"author\":{\"name\":\"Theo Altemuller\",\"@id\":\"https:\/\/amdt-demenagement.com\/#\/schema\/person\/8ab62dfca7b33c52c1bee287d9294552\"},\"headline\":\"\u00c9t\u00e9 ou hiver : comment la p\u00e9riode peut impacter votre d\u00e9m\u00e9nagement ?\",\"datePublished\":\"2025-06-14T10:23:51+00:00\",\"dateModified\":\"2025-10-05T17:02:18+00:00\",\"mainEntityOfPage\":{\"@id\":\"https:\/\/amdt-demenagement.com\/saisonnalite-demande-demenagement\/\"},\"wordCount\":1175,\"publisher\":{\"@id\":\"https:\/\/amdt-demenagement.com\/#organization\"},\"image\":{\"@id\":\"https:\/\/amdt-demenagement.com\/saisonnalite-demande-demenagement\/#primaryimage\"},\"thumbnailUrl\":\"https:\/\/amdt-demenagement.com\/wp-content\/uploads\/2025\/06\/amdt-demenagement-saisonnalite-hiver-ete.jpg\",\"articleSection\":[\"Conseils et actualit\u00e9s\"],\"inLanguage\":\"en-GB\"},{\"@type\":\"WebPage\",\"@id\":\"https:\/\/amdt-demenagement.com\/saisonnalite-demande-demenagement\/\",\"url\":\"https:\/\/amdt-demenagement.com\/saisonnalite-demande-demenagement\/\",\"name\":\"\u00c9t\u00e9 ou hiver : comment la p\u00e9riode peut impacter votre d\u00e9m\u00e9nagement ? - AMDT - D\u00e9m\u00e9nagement\",\"isPartOf\":{\"@id\":\"https:\/\/amdt-demenagement.com\/#website\"},\"primaryImageOfPage\":{\"@id\":\"https:\/\/amdt-demenagement.com\/saisonnalite-demande-demenagement\/#primaryimage\"},\"image\":{\"@id\":\"https:\/\/amdt-demenagement.com\/saisonnalite-demande-demenagement\/#primaryimage\"},\"thumbnailUrl\":\"https:\/\/amdt-demenagement.com\/wp-content\/uploads\/2025\/06\/amdt-demenagement-saisonnalite-hiver-ete.jpg\",\"datePublished\":\"2025-06-14T10:23:51+00:00\",\"dateModified\":\"2025-10-05T17:02:18+00:00\",\"inLanguage\":\"en-GB\",\"potentialAction\":[{\"@type\":\"ReadAction\",\"target\":[\"https:\/\/amdt-demenagement.com\/saisonnalite-demande-demenagement\/\"]}]},{\"@type\":\"ImageObject\",\"inLanguage\":\"en-GB\",\"@id\":\"https:\/\/amdt-demenagement.com\/saisonnalite-demande-demenagement\/#primaryimage\",\"url\":\"https:\/\/amdt-demenagement.com\/wp-content\/uploads\/2025\/06\/amdt-demenagement-saisonnalite-hiver-ete.jpg\",\"contentUrl\":\"https:\/\/amdt-demenagement.com\/wp-content\/uploads\/2025\/06\/amdt-demenagement-saisonnalite-hiver-ete.jpg\",\"width\":1200,\"height\":800},{\"@type\":\"WebSite\",\"@id\":\"https:\/\/amdt-demenagement.com\/#website\",\"url\":\"https:\/\/amdt-demenagement.com\/\",\"name\":\"AMDT - D\u00e9m\u00e9nagement\",\"description\":\"Sp\u00e9cialiste du d\u00e9m\u00e9nagement international dans le Lot et Garonne\",\"publisher\":{\"@id\":\"https:\/\/amdt-demenagement.com\/#organization\"},\"potentialAction\":[{\"@type\":\"SearchAction\",\"target\":{\"@type\":\"EntryPoint\",\"urlTemplate\":\"https:\/\/amdt-demenagement.com\/?s={search_term_string}\"},\"query-input\":{\"@type\":\"PropertyValueSpecification\",\"valueRequired\":true,\"valueName\":\"search_term_string\"}}],\"inLanguage\":\"en-GB\"},{\"@type\":\"Organization\",\"@id\":\"https:\/\/amdt-demenagement.com\/#organization\",\"name\":\"AMDT - D\u00e9m\u00e9nagement\",\"url\":\"https:\/\/amdt-demenagement.com\/\",\"logo\":{\"@type\":\"ImageObject\",\"inLanguage\":\"en-GB\",\"@id\":\"https:\/\/amdt-demenagement.com\/#\/schema\/logo\/image\/\",\"url\":\"https:\/\/amdt-demenagement.com\/wp-content\/uploads\/2023\/08\/amdt-white-color.png\",\"contentUrl\":\"https:\/\/amdt-demenagement.com\/wp-content\/uploads\/2023\/08\/amdt-white-color.png\",\"width\":251,\"height\":111,\"caption\":\"AMDT - D\u00e9m\u00e9nagement\"},\"image\":{\"@id\":\"https:\/\/amdt-demenagement.com\/#\/schema\/logo\/image\/\"}},{\"@type\":\"Person\",\"@id\":\"https:\/\/amdt-demenagement.com\/#\/schema\/person\/8ab62dfca7b33c52c1bee287d9294552\",\"name\":\"Theo Altemuller\",\"image\":{\"@type\":\"ImageObject\",\"inLanguage\":\"en-GB\",\"@id\":\"https:\/\/amdt-demenagement.com\/#\/schema\/person\/image\/\",\"url\":\"https:\/\/secure.gravatar.com\/avatar\/a146e691cad3893a3d37ae2a9a0cc13c07650bf8cc571383981b6a4621f942af?s=96&d=mm&r=g\",\"contentUrl\":\"https:\/\/secure.gravatar.com\/avatar\/a146e691cad3893a3d37ae2a9a0cc13c07650bf8cc571383981b6a4621f942af?s=96&d=mm&r=g\",\"caption\":\"Theo Altemuller\"},\"url\":\"https:\/\/amdt-demenagement.com\/en\/author\/theo\/\"}]}<\/script>\n<!-- \/ Yoast SEO plugin. -->","yoast_head_json":{"title":"\u00c9t\u00e9 ou hiver : comment la p\u00e9riode peut impacter votre d\u00e9m\u00e9nagement ? - AMDT - D\u00e9m\u00e9nagement","robots":{"index":"index","follow":"follow","max-snippet":"max-snippet:-1","max-image-preview":"max-image-preview:large","max-video-preview":"max-video-preview:-1"},"canonical":"https:\/\/amdt-demenagement.com\/en\/saisonnalite-demande-demenagement\/","og_locale":"en_GB","og_type":"article","og_title":"\u00c9t\u00e9 ou hiver : comment la p\u00e9riode peut impacter votre d\u00e9m\u00e9nagement ? - AMDT - D\u00e9m\u00e9nagement","og_description":"Le choix de la p\u00e9riode pour organiser son d\u00e9m\u00e9nagement n\u2019est jamais anodin. Si la majorit\u00e9 des Fran\u00e7ais privil\u00e9gient l\u2019\u00e9t\u00e9, cette pr\u00e9f\u00e9rence n\u2019est pas sans cons\u00e9quence sur les d\u00e9lais, la disponibilit\u00e9 des d\u00e9m\u00e9nageurs et, surtout, sur le co\u00fbt de la prestation. \u00c0 l\u2019inverse, l\u2019hiver, souvent d\u00e9laiss\u00e9, offre pourtant de r\u00e9els avantages logistiques et financiers. AMDT D\u00e9m\u00e9nagement, [&hellip;]","og_url":"https:\/\/amdt-demenagement.com\/en\/saisonnalite-demande-demenagement\/","og_site_name":"AMDT - D\u00e9m\u00e9nagement","article_published_time":"2025-06-14T10:23:51+00:00","article_modified_time":"2025-10-05T17:02:18+00:00","og_image":[{"width":1200,"height":800,"url":"https:\/\/amdt-demenagement.com\/wp-content\/uploads\/2025\/06\/amdt-demenagement-saisonnalite-hiver-ete.jpg","type":"image\/jpeg"}],"author":"Theo Altemuller","twitter_card":"summary_large_image","twitter_misc":{"Written by":"Theo Altemuller","Estimated reading time":"6 minutes"},"schema":{"@context":"https:\/\/schema.org","@graph":[{"@type":"Article","@id":"https:\/\/amdt-demenagement.com\/saisonnalite-demande-demenagement\/#article","isPartOf":{"@id":"https:\/\/amdt-demenagement.com\/saisonnalite-demande-demenagement\/"},"author":{"name":"Theo Altemuller","@id":"https:\/\/amdt-demenagement.com\/#\/schema\/person\/8ab62dfca7b33c52c1bee287d9294552"},"headline":"\u00c9t\u00e9 ou hiver : comment la p\u00e9riode peut impacter votre d\u00e9m\u00e9nagement ?","datePublished":"2025-06-14T10:23:51+00:00","dateModified":"2025-10-05T17:02:18+00:00","mainEntityOfPage":{"@id":"https:\/\/amdt-demenagement.com\/saisonnalite-demande-demenagement\/"},"wordCount":1175,"publisher":{"@id":"https:\/\/amdt-demenagement.com\/#organization"},"image":{"@id":"https:\/\/amdt-demenagement.com\/saisonnalite-demande-demenagement\/#primaryimage"},"thumbnailUrl":"https:\/\/amdt-demenagement.com\/wp-content\/uploads\/2025\/06\/amdt-demenagement-saisonnalite-hiver-ete.jpg","articleSection":["Conseils et actualit\u00e9s"],"inLanguage":"en-GB"},{"@type":"WebPage","@id":"https:\/\/amdt-demenagement.com\/saisonnalite-demande-demenagement\/","url":"https:\/\/amdt-demenagement.com\/saisonnalite-demande-demenagement\/","name":"\u00c9t\u00e9 ou hiver : comment la p\u00e9riode peut impacter votre d\u00e9m\u00e9nagement ? - AMDT - D\u00e9m\u00e9nagement","isPartOf":{"@id":"https:\/\/amdt-demenagement.com\/#website"},"primaryImageOfPage":{"@id":"https:\/\/amdt-demenagement.com\/saisonnalite-demande-demenagement\/#primaryimage"},"image":{"@id":"https:\/\/amdt-demenagement.com\/saisonnalite-demande-demenagement\/#primaryimage"},"thumbnailUrl":"https:\/\/amdt-demenagement.com\/wp-content\/uploads\/2025\/06\/amdt-demenagement-saisonnalite-hiver-ete.jpg","datePublished":"2025-06-14T10:23:51+00:00","dateModified":"2025-10-05T17:02:18+00:00","inLanguage":"en-GB","potentialAction":[{"@type":"ReadAction","target":["https:\/\/amdt-demenagement.com\/saisonnalite-demande-demenagement\/"]}]},{"@type":"ImageObject","inLanguage":"en-GB","@id":"https:\/\/amdt-demenagement.com\/saisonnalite-demande-demenagement\/#primaryimage","url":"https:\/\/amdt-demenagement.com\/wp-content\/uploads\/2025\/06\/amdt-demenagement-saisonnalite-hiver-ete.jpg","contentUrl":"https:\/\/amdt-demenagement.com\/wp-content\/uploads\/2025\/06\/amdt-demenagement-saisonnalite-hiver-ete.jpg","width":1200,"height":800},{"@type":"WebSite","@id":"https:\/\/amdt-demenagement.com\/#website","url":"https:\/\/amdt-demenagement.com\/","name":"AMDT - D\u00e9m\u00e9nagement","description":"Sp\u00e9cialiste du d\u00e9m\u00e9nagement international dans le Lot et Garonne","publisher":{"@id":"https:\/\/amdt-demenagement.com\/#organization"},"potentialAction":[{"@type":"SearchAction","target":{"@type":"EntryPoint","urlTemplate":"https:\/\/amdt-demenagement.com\/?s={search_term_string}"},"query-input":{"@type":"PropertyValueSpecification","valueRequired":true,"valueName":"search_term_string"}}],"inLanguage":"en-GB"},{"@type":"Organization","@id":"https:\/\/amdt-demenagement.com\/#organization","name":"AMDT - D\u00e9m\u00e9nagement","url":"https:\/\/amdt-demenagement.com\/","logo":{"@type":"ImageObject","inLanguage":"en-GB","@id":"https:\/\/amdt-demenagement.com\/#\/schema\/logo\/image\/","url":"https:\/\/amdt-demenagement.com\/wp-content\/uploads\/2023\/08\/amdt-white-color.png","contentUrl":"https:\/\/amdt-demenagement.com\/wp-content\/uploads\/2023\/08\/amdt-white-color.png","width":251,"height":111,"caption":"AMDT - D\u00e9m\u00e9nagement"},"image":{"@id":"https:\/\/amdt-demenagement.com\/#\/schema\/logo\/image\/"}},{"@type":"Person","@id":"https:\/\/amdt-demenagement.com\/#\/schema\/person\/8ab62dfca7b33c52c1bee287d9294552","name":"Theo Altemuller","image":{"@type":"ImageObject","inLanguage":"en-GB","@id":"https:\/\/amdt-demenagement.com\/#\/schema\/person\/image\/","url":"https:\/\/secure.gravatar.com\/avatar\/a146e691cad3893a3d37ae2a9a0cc13c07650bf8cc571383981b6a4621f942af?s=96&d=mm&r=g","contentUrl":"https:\/\/secure.gravatar.com\/avatar\/a146e691cad3893a3d37ae2a9a0cc13c07650bf8cc571383981b6a4621f942af?s=96&d=mm&r=g","caption":"Theo Altemuller"},"url":"https:\/\/amdt-demenagement.com\/en\/author\/theo\/"}]}},"_links":{"self":[{"href":"https:\/\/amdt-demenagement.com\/en\/wp-json\/wp\/v2\/posts\/2089","targetHints":{"allow":["GET"]}}],"collection":[{"href":"https:\/\/amdt-demenagement.com\/en\/wp-json\/wp\/v2\/posts"}],"about":[{"href":"https:\/\/amdt-demenagement.com\/en\/wp-json\/wp\/v2\/types\/post"}],"author":[{"embeddable":true,"href":"https:\/\/amdt-demenagement.com\/en\/wp-json\/wp\/v2\/users\/2"}],"replies":[{"embeddable":true,"href":"https:\/\/amdt-demenagement.com\/en\/wp-json\/wp\/v2\/comments?post=2089"}],"version-history":[{"count":1,"href":"https:\/\/amdt-demenagement.com\/en\/wp-json\/wp\/v2\/posts\/2089\/revisions"}],"predecessor-version":[{"id":2091,"href":"https:\/\/amdt-demenagement.com\/en\/wp-json\/wp\/v2\/posts\/2089\/revisions\/2091"}],"wp:featuredmedia":[{"embeddable":true,"href":"https:\/\/amdt-demenagement.com\/en\/wp-json\/wp\/v2\/media\/2090"}],"wp:attachment":[{"href":"https:\/\/amdt-demenagement.com\/en\/wp-json\/wp\/v2\/media?parent=2089"}],"wp:term":[{"taxonomy":"category","embeddable":true,"href":"https:\/\/amdt-demenagement.com\/en\/wp-json\/wp\/v2\/categories?post=2089"},{"taxonomy":"post_tag","embeddable":true,"href":"https:\/\/amdt-demenagement.com\/en\/wp-json\/wp\/v2\/tags?post=2089"}],"curies":[{"name":"wp","href":"https:\/\/api.w.org\/{rel}","templated":true}]}}