{"id":2120,"date":"2025-11-07T09:22:09","date_gmt":"2025-11-07T08:22:09","guid":{"rendered":"https:\/\/amdt-demenagement.com\/?p=2120"},"modified":"2025-12-08T09:31:26","modified_gmt":"2025-12-08T08:31:26","slug":"les-formalites-a-connaitre-pour-un-demenagement-dans-un-autre-pays-europeen-espagne-portugal-allemagne","status":"publish","type":"post","link":"https:\/\/amdt-demenagement.com\/en\/les-formalites-a-connaitre-pour-un-demenagement-dans-un-autre-pays-europeen-espagne-portugal-allemagne\/","title":{"rendered":"Les formalit\u00e9s \u00e0 conna\u00eetre pour un d\u00e9m\u00e9nagement dans un autre pays europ\u00e9en (Espagne, Portugal, Allemagne)"},"content":{"rendered":"<p>D\u00e9m\u00e9nager dans un autre pays europ\u00e9en est une aventure riche en opportunit\u00e9s, mais elle comporte \u00e9galement un certain nombre de formalit\u00e9s administratives indispensables pour que le transfert se fasse en toute s\u00e9r\u00e9nit\u00e9. Que vous choisissiez l\u2019Espagne, le Portugal ou l\u2019Allemagne comme prochaine destination, il est crucial de bien pr\u00e9parer votre d\u00e9m\u00e9nagement en connaissant les sp\u00e9cificit\u00e9s propres \u00e0 chaque pays. AMDT D\u00e9m\u00e9nagements, expert reconnu dans les d\u00e9m\u00e9nagements internationaux, vous accompagne pour comprendre et g\u00e9rer ces d\u00e9marches, afin de vous offrir un service complet et sans surprise.<\/p>\n\n\n\n<h2 class=\"wp-block-heading\">Formalit\u00e9s communes \u00e0 tout d\u00e9m\u00e9nagement intra-europ\u00e9en<\/h2>\n\n\n\n<p>En tant que membre de l\u2019Union europ\u00e9enne, l\u2019Espagne, le Portugal et l\u2019Allemagne b\u00e9n\u00e9ficient d\u2019une circulation libre des biens personnels. Cela signifie que les taxes douani\u00e8res sont g\u00e9n\u00e9ralement exon\u00e9r\u00e9es quand il s\u2019agit de vos effets personnels, \u00e0 condition de d\u00e9montrer que vous d\u00e9m\u00e9nagez d\u00e9finitivement.<\/p>\n\n\n\n<p>Pour cela, vous devez fournir un inventaire pr\u00e9cis de vos biens personnels dat\u00e9 de moins d&rsquo;un an et produit avant le d\u00e9part. Ce document, souvent appel\u00e9 \u00ab d\u00e9claration de d\u00e9m\u00e9nagement \u00bb ou \u00ab certificat d\u2019importation temporaire \u00bb, permet d\u2019\u00e9viter que vos affaires soient retenues ou tax\u00e9es \u00e0 la fronti\u00e8re. La provenance et la destination des biens, ainsi que votre r\u00e9sidence principale actuelle et future, doivent \u00eatre clairement indiqu\u00e9es.<\/p>\n\n\n\n<p>AMDT D\u00e9m\u00e9nagements vous assiste dans la pr\u00e9paration de ces documents, en veillant \u00e0 leur conformit\u00e9 pour acc\u00e9l\u00e9rer le passage en douane et garantir un transport fluide. Parall\u00e8lement, pensez \u00e0 informer toutes les administrations fran\u00e7aises concern\u00e9es (caf, s\u00e9curit\u00e9 sociale, fournisseur d\u2019\u00e9nergie) afin de clore ou transf\u00e9rer vos contrats \u00e0 votre nouvelle adresse.<\/p>\n\n\n\n<hr class=\"wp-block-separator has-alpha-channel-opacity\"\/>\n\n\n\n<h2 class=\"wp-block-heading\">D\u00e9m\u00e9nager en Espagne : cl\u00e9s et particularit\u00e9s<\/h2>\n\n\n\n<p>L\u2019Espagne accueille de nombreux r\u00e9sidents fran\u00e7ais, et ses formalit\u00e9s restent relativement accessibles, mais plusieurs points m\u00e9ritent une attention particuli\u00e8re.<\/p>\n\n\n\n<h3 class=\"wp-block-heading\">Inscription au Padr\u00f3n municipal<\/h3>\n\n\n\n<p>\u00c0 votre arriv\u00e9e en Espagne, vous devez vous inscrire au Padr\u00f3n municipal \u2014 le registre des habitants \u2014 dans les trois mois suivant votre installation. Cette inscription est obligatoire pour acc\u00e9der aux services publics, ouvrir un compte bancaire, et faciliter la scolarisation des enfants.<\/p>\n\n\n\n<p>La d\u00e9marche s\u2019effectue en mairie, o\u00f9 vous pr\u00e9senterez votre passeport, un justificatif de domicile (bail, acte d\u2019achat), ainsi que le certificat de d\u00e9m\u00e9nagement si n\u00e9cessaire.<\/p>\n\n\n\n<h3 class=\"wp-block-heading\">Contr\u00f4le des biens import\u00e9s<\/h3>\n\n\n\n<p>Les douanes espagnoles peuvent effectuer des contr\u00f4les cibl\u00e9s, en particulier dans les r\u00e9gions frontali\u00e8res comme la Catalogne ou l\u2019Andalousie. Elles v\u00e9rifient l\u2019absence d\u2019importation commerciale d\u00e9guis\u00e9e et la conformit\u00e9 des appareils \u00e9lectroniques aux normes europ\u00e9ennes.<\/p>\n\n\n\n<p>Si vous d\u00e9m\u00e9nagez des animaux ou des plantes, des certificats sanitaires europ\u00e9ens sont exig\u00e9s pour respecter la r\u00e9glementation phytosanitaire et v\u00e9t\u00e9rinaire locale.<\/p>\n\n\n\n<h2 class=\"wp-block-heading\">D\u00e9m\u00e9nager au Portugal : simplicit\u00e9 et pr\u00e9cautions<\/h2>\n\n\n\n<p>Ce pays attire pour sa qualit\u00e9 de vie et ses opportunit\u00e9s \u00e9conomiques, mais quelques formalit\u00e9s sp\u00e9cifiques m\u00e9ritent d\u2019\u00eatre soulign\u00e9es.<\/p>\n\n\n\n<h3 class=\"wp-block-heading\">Enregistrement aupr\u00e8s du SEF<\/h3>\n\n\n\n<p>Le Service des \u00c9trangers et des Fronti\u00e8res (SEF) est la structure portugaise responsable de la r\u00e9sidence et de l\u2019immigration. Vous devez vous pr\u00e9senter dans un d\u00e9lai d\u2019un mois pour obtenir votre Certificado de Registo, indispensable pour travailler, ouvrir un compte bancaire, ou acc\u00e9der \u00e0 la sant\u00e9.<\/p>\n\n\n\n<p>Les documents requis comprennent un passeport valide, un num\u00e9ro d\u2019identification fiscale portugais (NIF), facilement obtenable en ligne ou par un avocat, ainsi qu\u2019un justificatif de domicile ou contrat de location.<\/p>\n\n\n\n<h3 class=\"wp-block-heading\">Particularit\u00e9s du transport de v\u00e9hicules<\/h3>\n\n\n\n<p>Le Portugal autorise de circuler avec un v\u00e9hicule import\u00e9 temporairement pendant six mois sur simple justificatif, avant d\u2019\u00eatre oblig\u00e9 de proc\u00e9der \u00e0 son immatriculation locale. AMDT conseille dans la pr\u00e9paration de ces d\u00e9marches, en fournissant les attestations n\u00e9cessaires au transport et en coordonnant les arriv\u00e9es dans les ports de Lisbonne ou Porto.<\/p>\n\n\n\n<h2 class=\"wp-block-heading\">D\u00e9m\u00e9nager en Allemagne : rigueur administrative et organisationnelle<\/h2>\n\n\n\n<p>L\u2019Allemagne pr\u00e9sente un cadre administratif tr\u00e8s organis\u00e9, mais assez strict, qui n\u00e9cessite une pr\u00e9paration pr\u00e9cise.<\/p>\n\n\n\n<h3 class=\"wp-block-heading\">Inscription \u00e0 l&rsquo;Einwohnermeldeamt<\/h3>\n\n\n\n<p>Vous devez vous enregistrer dans les 14 jours ouvr\u00e9s apr\u00e8s votre arriv\u00e9e aupr\u00e8s de l\u2019Einwohnermeldeamt (bureau d\u2019enregistrement des habitants) de votre commune. Ce document officiel est un pr\u00e9alable pour quasiment toutes d\u00e9marches en Allemagne, de l\u2019ouverture d\u2019un compte bancaire \u00e0 la souscription d\u2019une assurance sant\u00e9.<\/p>\n\n\n\n<p>Il vous faudra fournir un passeport, le contrat de bail ou achat immobilier, ainsi qu\u2019un justificatif de radiation de votre pr\u00e9c\u00e9dente r\u00e9sidence (document appel\u00e9 Abmeldebescheinigung).<\/p>\n\n\n\n<h3 class=\"wp-block-heading\">Douanes et inventaire d\u00e9taill\u00e9<\/h3>\n\n\n\n<p>Les autorit\u00e9s allemandes exigent un inventaire tr\u00e8s d\u00e9taill\u00e9, renseignant la valeur et la nature exacte des objets import\u00e9s. Les r\u00e8gles sur les produits soumis \u00e0 restriction (alcool, tabac, etc.) sont appliqu\u00e9es strictement.<\/p>\n\n\n\n<p>Pour les militaires en mutation, un certificat sp\u00e9cifique facilite les d\u00e9marches et exon\u00e9rations douani\u00e8res.<\/p>\n\n\n\n<h3 class=\"wp-block-heading\">Emballage et manutention<\/h3>\n\n\n\n<p>L\u2019Allemagne impose des normes pr\u00e9cises sur les conditions d\u2019emballage lors des transports, en particulier pour les biens fragiles ou volumineux. AMDT forme ses \u00e9quipes pour respecter ces exigences afin d\u2019\u00e9viter toute contestation ou d\u00e9g\u00e2t technique \u00e0 l\u2019arriv\u00e9e.<\/p>\n\n\n\n<hr class=\"wp-block-separator has-alpha-channel-opacity\"\/>\n\n\n\n<h2 class=\"wp-block-heading\">Pourquoi confier son d\u00e9m\u00e9nagement international \u00e0 AMDT ?<\/h2>\n\n\n\n<p>D\u00e9m\u00e9nager en Europe, m\u00eame avec la libre circulation, implique de jongler entre r\u00e8gles nationales diverses, contraintes douani\u00e8res, d\u00e9marches multiples et logistique complexe. AMDT D\u00e9m\u00e9nagements accompagne ses clients avec un service sur-mesure, en pr\u00e9parant tous les documents, en coordonnant les transports selon les sp\u00e9cificit\u00e9s de chaque destination, et en garantissant le suivi temps r\u00e9el du trajet jusqu\u2019\u00e0 destination.<\/p>\n\n\n\n<p>Avec plus de 40 ans d\u2019exp\u00e9rience et un r\u00e9seau mondial dans plus de 160 pays, AMDT r\u00e9duit les risques d\u2019erreurs, les retards et les connexions manqu\u00e9es, pour un d\u00e9m\u00e9nagement calme, s\u00fbr et sans mauvaises surprises.<\/p>\n\n\n\n<p>Pour toute demande d\u2019information ou devis personnalis\u00e9, n\u2019h\u00e9sitez pas \u00e0 contacter AMDT, votre partenaire de confiance pour vos d\u00e9m\u00e9nagements internationaux en Europe.<\/p>","protected":false},"excerpt":{"rendered":"<p>D\u00e9m\u00e9nager dans un autre pays europ\u00e9en est une aventure riche en opportunit\u00e9s, mais elle comporte \u00e9galement un certain nombre de formalit\u00e9s administratives indispensables pour que le transfert se fasse en toute s\u00e9r\u00e9nit\u00e9. Que vous choisissiez l\u2019Espagne, le Portugal ou l\u2019Allemagne comme prochaine destination, il est crucial de bien pr\u00e9parer votre d\u00e9m\u00e9nagement en connaissant les sp\u00e9cificit\u00e9s [&hellip;]<\/p>","protected":false},"author":2,"featured_media":2121,"comment_status":"closed","ping_status":"closed","sticky":false,"template":"","format":"standard","meta":{"footnotes":""},"categories":[1],"tags":[],"class_list":["post-2120","post","type-post","status-publish","format-standard","has-post-thumbnail","hentry","category-conseils-et-actualites"],"yoast_head":"<!-- This site is optimized with the Yoast SEO plugin v25.3 - https:\/\/yoast.com\/wordpress\/plugins\/seo\/ -->\n<title>Les formalit\u00e9s \u00e0 conna\u00eetre pour un d\u00e9m\u00e9nagement dans un autre pays europ\u00e9en (Espagne, Portugal, Allemagne) - AMDT - D\u00e9m\u00e9nagement<\/title>\n<meta name=\"robots\" content=\"index, follow, max-snippet:-1, max-image-preview:large, max-video-preview:-1\" \/>\n<link rel=\"canonical\" href=\"https:\/\/amdt-demenagement.com\/en\/les-formalites-a-connaitre-pour-un-demenagement-dans-un-autre-pays-europeen-espagne-portugal-allemagne\/\" \/>\n<meta property=\"og:locale\" content=\"en_GB\" \/>\n<meta property=\"og:type\" content=\"article\" \/>\n<meta property=\"og:title\" content=\"Les formalit\u00e9s \u00e0 conna\u00eetre pour un d\u00e9m\u00e9nagement dans un autre pays europ\u00e9en (Espagne, Portugal, Allemagne) - AMDT - D\u00e9m\u00e9nagement\" \/>\n<meta property=\"og:description\" content=\"D\u00e9m\u00e9nager dans un autre pays europ\u00e9en est une aventure riche en opportunit\u00e9s, mais elle comporte \u00e9galement un certain nombre de formalit\u00e9s administratives indispensables pour que le transfert se fasse en toute s\u00e9r\u00e9nit\u00e9. Que vous choisissiez l\u2019Espagne, le Portugal ou l\u2019Allemagne comme prochaine destination, il est crucial de bien pr\u00e9parer votre d\u00e9m\u00e9nagement en connaissant les sp\u00e9cificit\u00e9s [&hellip;]\" \/>\n<meta property=\"og:url\" content=\"https:\/\/amdt-demenagement.com\/en\/les-formalites-a-connaitre-pour-un-demenagement-dans-un-autre-pays-europeen-espagne-portugal-allemagne\/\" \/>\n<meta property=\"og:site_name\" content=\"AMDT - D\u00e9m\u00e9nagement\" \/>\n<meta property=\"article:published_time\" content=\"2025-11-07T08:22:09+00:00\" \/>\n<meta property=\"article:modified_time\" content=\"2025-12-08T08:31:26+00:00\" \/>\n<meta property=\"og:image\" content=\"https:\/\/amdt-demenagement.com\/wp-content\/uploads\/2025\/12\/AMDT-demarches-demenagement-pays-europeen.jpg\" \/>\n\t<meta property=\"og:image:width\" content=\"768\" \/>\n\t<meta property=\"og:image:height\" content=\"506\" \/>\n\t<meta property=\"og:image:type\" content=\"image\/jpeg\" \/>\n<meta name=\"author\" content=\"Theo Altemuller\" \/>\n<meta name=\"twitter:card\" content=\"summary_large_image\" \/>\n<meta name=\"twitter:label1\" content=\"Written by\" \/>\n\t<meta name=\"twitter:data1\" content=\"Theo Altemuller\" \/>\n\t<meta name=\"twitter:label2\" content=\"Estimated reading time\" \/>\n\t<meta name=\"twitter:data2\" content=\"5 minutes\" \/>\n<script type=\"application\/ld+json\" class=\"yoast-schema-graph\">{\"@context\":\"https:\/\/schema.org\",\"@graph\":[{\"@type\":\"Article\",\"@id\":\"https:\/\/amdt-demenagement.com\/les-formalites-a-connaitre-pour-un-demenagement-dans-un-autre-pays-europeen-espagne-portugal-allemagne\/#article\",\"isPartOf\":{\"@id\":\"https:\/\/amdt-demenagement.com\/les-formalites-a-connaitre-pour-un-demenagement-dans-un-autre-pays-europeen-espagne-portugal-allemagne\/\"},\"author\":{\"name\":\"Theo Altemuller\",\"@id\":\"https:\/\/amdt-demenagement.com\/#\/schema\/person\/8ab62dfca7b33c52c1bee287d9294552\"},\"headline\":\"Les formalit\u00e9s \u00e0 conna\u00eetre pour un d\u00e9m\u00e9nagement dans un autre pays europ\u00e9en (Espagne, Portugal, Allemagne)\",\"datePublished\":\"2025-11-07T08:22:09+00:00\",\"dateModified\":\"2025-12-08T08:31:26+00:00\",\"mainEntityOfPage\":{\"@id\":\"https:\/\/amdt-demenagement.com\/les-formalites-a-connaitre-pour-un-demenagement-dans-un-autre-pays-europeen-espagne-portugal-allemagne\/\"},\"wordCount\":1076,\"publisher\":{\"@id\":\"https:\/\/amdt-demenagement.com\/#organization\"},\"image\":{\"@id\":\"https:\/\/amdt-demenagement.com\/les-formalites-a-connaitre-pour-un-demenagement-dans-un-autre-pays-europeen-espagne-portugal-allemagne\/#primaryimage\"},\"thumbnailUrl\":\"https:\/\/amdt-demenagement.com\/wp-content\/uploads\/2025\/12\/AMDT-demarches-demenagement-pays-europeen.jpg\",\"articleSection\":[\"Conseils et actualit\u00e9s\"],\"inLanguage\":\"en-GB\"},{\"@type\":\"WebPage\",\"@id\":\"https:\/\/amdt-demenagement.com\/les-formalites-a-connaitre-pour-un-demenagement-dans-un-autre-pays-europeen-espagne-portugal-allemagne\/\",\"url\":\"https:\/\/amdt-demenagement.com\/les-formalites-a-connaitre-pour-un-demenagement-dans-un-autre-pays-europeen-espagne-portugal-allemagne\/\",\"name\":\"Les formalit\u00e9s \u00e0 conna\u00eetre pour un d\u00e9m\u00e9nagement dans un autre pays europ\u00e9en (Espagne, Portugal, Allemagne) - AMDT - D\u00e9m\u00e9nagement\",\"isPartOf\":{\"@id\":\"https:\/\/amdt-demenagement.com\/#website\"},\"primaryImageOfPage\":{\"@id\":\"https:\/\/amdt-demenagement.com\/les-formalites-a-connaitre-pour-un-demenagement-dans-un-autre-pays-europeen-espagne-portugal-allemagne\/#primaryimage\"},\"image\":{\"@id\":\"https:\/\/amdt-demenagement.com\/les-formalites-a-connaitre-pour-un-demenagement-dans-un-autre-pays-europeen-espagne-portugal-allemagne\/#primaryimage\"},\"thumbnailUrl\":\"https:\/\/amdt-demenagement.com\/wp-content\/uploads\/2025\/12\/AMDT-demarches-demenagement-pays-europeen.jpg\",\"datePublished\":\"2025-11-07T08:22:09+00:00\",\"dateModified\":\"2025-12-08T08:31:26+00:00\",\"inLanguage\":\"en-GB\",\"potentialAction\":[{\"@type\":\"ReadAction\",\"target\":[\"https:\/\/amdt-demenagement.com\/les-formalites-a-connaitre-pour-un-demenagement-dans-un-autre-pays-europeen-espagne-portugal-allemagne\/\"]}]},{\"@type\":\"ImageObject\",\"inLanguage\":\"en-GB\",\"@id\":\"https:\/\/amdt-demenagement.com\/les-formalites-a-connaitre-pour-un-demenagement-dans-un-autre-pays-europeen-espagne-portugal-allemagne\/#primaryimage\",\"url\":\"https:\/\/amdt-demenagement.com\/wp-content\/uploads\/2025\/12\/AMDT-demarches-demenagement-pays-europeen.jpg\",\"contentUrl\":\"https:\/\/amdt-demenagement.com\/wp-content\/uploads\/2025\/12\/AMDT-demarches-demenagement-pays-europeen.jpg\",\"width\":768,\"height\":506},{\"@type\":\"WebSite\",\"@id\":\"https:\/\/amdt-demenagement.com\/#website\",\"url\":\"https:\/\/amdt-demenagement.com\/\",\"name\":\"AMDT - D\u00e9m\u00e9nagement\",\"description\":\"Sp\u00e9cialiste du d\u00e9m\u00e9nagement international dans le Lot et Garonne\",\"publisher\":{\"@id\":\"https:\/\/amdt-demenagement.com\/#organization\"},\"potentialAction\":[{\"@type\":\"SearchAction\",\"target\":{\"@type\":\"EntryPoint\",\"urlTemplate\":\"https:\/\/amdt-demenagement.com\/?s={search_term_string}\"},\"query-input\":{\"@type\":\"PropertyValueSpecification\",\"valueRequired\":true,\"valueName\":\"search_term_string\"}}],\"inLanguage\":\"en-GB\"},{\"@type\":\"Organization\",\"@id\":\"https:\/\/amdt-demenagement.com\/#organization\",\"name\":\"AMDT - D\u00e9m\u00e9nagement\",\"url\":\"https:\/\/amdt-demenagement.com\/\",\"logo\":{\"@type\":\"ImageObject\",\"inLanguage\":\"en-GB\",\"@id\":\"https:\/\/amdt-demenagement.com\/#\/schema\/logo\/image\/\",\"url\":\"https:\/\/amdt-demenagement.com\/wp-content\/uploads\/2023\/08\/amdt-white-color.png\",\"contentUrl\":\"https:\/\/amdt-demenagement.com\/wp-content\/uploads\/2023\/08\/amdt-white-color.png\",\"width\":251,\"height\":111,\"caption\":\"AMDT - D\u00e9m\u00e9nagement\"},\"image\":{\"@id\":\"https:\/\/amdt-demenagement.com\/#\/schema\/logo\/image\/\"}},{\"@type\":\"Person\",\"@id\":\"https:\/\/amdt-demenagement.com\/#\/schema\/person\/8ab62dfca7b33c52c1bee287d9294552\",\"name\":\"Theo Altemuller\",\"image\":{\"@type\":\"ImageObject\",\"inLanguage\":\"en-GB\",\"@id\":\"https:\/\/amdt-demenagement.com\/#\/schema\/person\/image\/\",\"url\":\"https:\/\/secure.gravatar.com\/avatar\/a146e691cad3893a3d37ae2a9a0cc13c07650bf8cc571383981b6a4621f942af?s=96&d=mm&r=g\",\"contentUrl\":\"https:\/\/secure.gravatar.com\/avatar\/a146e691cad3893a3d37ae2a9a0cc13c07650bf8cc571383981b6a4621f942af?s=96&d=mm&r=g\",\"caption\":\"Theo Altemuller\"},\"url\":\"https:\/\/amdt-demenagement.com\/en\/author\/theo\/\"}]}<\/script>\n<!-- \/ Yoast SEO plugin. -->","yoast_head_json":{"title":"Les formalit\u00e9s \u00e0 conna\u00eetre pour un d\u00e9m\u00e9nagement dans un autre pays europ\u00e9en (Espagne, Portugal, Allemagne) - AMDT - D\u00e9m\u00e9nagement","robots":{"index":"index","follow":"follow","max-snippet":"max-snippet:-1","max-image-preview":"max-image-preview:large","max-video-preview":"max-video-preview:-1"},"canonical":"https:\/\/amdt-demenagement.com\/en\/les-formalites-a-connaitre-pour-un-demenagement-dans-un-autre-pays-europeen-espagne-portugal-allemagne\/","og_locale":"en_GB","og_type":"article","og_title":"Les formalit\u00e9s \u00e0 conna\u00eetre pour un d\u00e9m\u00e9nagement dans un autre pays europ\u00e9en (Espagne, Portugal, Allemagne) - AMDT - D\u00e9m\u00e9nagement","og_description":"D\u00e9m\u00e9nager dans un autre pays europ\u00e9en est une aventure riche en opportunit\u00e9s, mais elle comporte \u00e9galement un certain nombre de formalit\u00e9s administratives indispensables pour que le transfert se fasse en toute s\u00e9r\u00e9nit\u00e9. Que vous choisissiez l\u2019Espagne, le Portugal ou l\u2019Allemagne comme prochaine destination, il est crucial de bien pr\u00e9parer votre d\u00e9m\u00e9nagement en connaissant les sp\u00e9cificit\u00e9s [&hellip;]","og_url":"https:\/\/amdt-demenagement.com\/en\/les-formalites-a-connaitre-pour-un-demenagement-dans-un-autre-pays-europeen-espagne-portugal-allemagne\/","og_site_name":"AMDT - D\u00e9m\u00e9nagement","article_published_time":"2025-11-07T08:22:09+00:00","article_modified_time":"2025-12-08T08:31:26+00:00","og_image":[{"width":768,"height":506,"url":"https:\/\/amdt-demenagement.com\/wp-content\/uploads\/2025\/12\/AMDT-demarches-demenagement-pays-europeen.jpg","type":"image\/jpeg"}],"author":"Theo Altemuller","twitter_card":"summary_large_image","twitter_misc":{"Written by":"Theo Altemuller","Estimated reading time":"5 minutes"},"schema":{"@context":"https:\/\/schema.org","@graph":[{"@type":"Article","@id":"https:\/\/amdt-demenagement.com\/les-formalites-a-connaitre-pour-un-demenagement-dans-un-autre-pays-europeen-espagne-portugal-allemagne\/#article","isPartOf":{"@id":"https:\/\/amdt-demenagement.com\/les-formalites-a-connaitre-pour-un-demenagement-dans-un-autre-pays-europeen-espagne-portugal-allemagne\/"},"author":{"name":"Theo Altemuller","@id":"https:\/\/amdt-demenagement.com\/#\/schema\/person\/8ab62dfca7b33c52c1bee287d9294552"},"headline":"Les formalit\u00e9s \u00e0 conna\u00eetre pour un d\u00e9m\u00e9nagement dans un autre pays europ\u00e9en (Espagne, Portugal, Allemagne)","datePublished":"2025-11-07T08:22:09+00:00","dateModified":"2025-12-08T08:31:26+00:00","mainEntityOfPage":{"@id":"https:\/\/amdt-demenagement.com\/les-formalites-a-connaitre-pour-un-demenagement-dans-un-autre-pays-europeen-espagne-portugal-allemagne\/"},"wordCount":1076,"publisher":{"@id":"https:\/\/amdt-demenagement.com\/#organization"},"image":{"@id":"https:\/\/amdt-demenagement.com\/les-formalites-a-connaitre-pour-un-demenagement-dans-un-autre-pays-europeen-espagne-portugal-allemagne\/#primaryimage"},"thumbnailUrl":"https:\/\/amdt-demenagement.com\/wp-content\/uploads\/2025\/12\/AMDT-demarches-demenagement-pays-europeen.jpg","articleSection":["Conseils et actualit\u00e9s"],"inLanguage":"en-GB"},{"@type":"WebPage","@id":"https:\/\/amdt-demenagement.com\/les-formalites-a-connaitre-pour-un-demenagement-dans-un-autre-pays-europeen-espagne-portugal-allemagne\/","url":"https:\/\/amdt-demenagement.com\/les-formalites-a-connaitre-pour-un-demenagement-dans-un-autre-pays-europeen-espagne-portugal-allemagne\/","name":"Les formalit\u00e9s \u00e0 conna\u00eetre pour un d\u00e9m\u00e9nagement dans un autre pays europ\u00e9en (Espagne, Portugal, Allemagne) - AMDT - D\u00e9m\u00e9nagement","isPartOf":{"@id":"https:\/\/amdt-demenagement.com\/#website"},"primaryImageOfPage":{"@id":"https:\/\/amdt-demenagement.com\/les-formalites-a-connaitre-pour-un-demenagement-dans-un-autre-pays-europeen-espagne-portugal-allemagne\/#primaryimage"},"image":{"@id":"https:\/\/amdt-demenagement.com\/les-formalites-a-connaitre-pour-un-demenagement-dans-un-autre-pays-europeen-espagne-portugal-allemagne\/#primaryimage"},"thumbnailUrl":"https:\/\/amdt-demenagement.com\/wp-content\/uploads\/2025\/12\/AMDT-demarches-demenagement-pays-europeen.jpg","datePublished":"2025-11-07T08:22:09+00:00","dateModified":"2025-12-08T08:31:26+00:00","inLanguage":"en-GB","potentialAction":[{"@type":"ReadAction","target":["https:\/\/amdt-demenagement.com\/les-formalites-a-connaitre-pour-un-demenagement-dans-un-autre-pays-europeen-espagne-portugal-allemagne\/"]}]},{"@type":"ImageObject","inLanguage":"en-GB","@id":"https:\/\/amdt-demenagement.com\/les-formalites-a-connaitre-pour-un-demenagement-dans-un-autre-pays-europeen-espagne-portugal-allemagne\/#primaryimage","url":"https:\/\/amdt-demenagement.com\/wp-content\/uploads\/2025\/12\/AMDT-demarches-demenagement-pays-europeen.jpg","contentUrl":"https:\/\/amdt-demenagement.com\/wp-content\/uploads\/2025\/12\/AMDT-demarches-demenagement-pays-europeen.jpg","width":768,"height":506},{"@type":"WebSite","@id":"https:\/\/amdt-demenagement.com\/#website","url":"https:\/\/amdt-demenagement.com\/","name":"AMDT - D\u00e9m\u00e9nagement","description":"Sp\u00e9cialiste du d\u00e9m\u00e9nagement international dans le Lot et Garonne","publisher":{"@id":"https:\/\/amdt-demenagement.com\/#organization"},"potentialAction":[{"@type":"SearchAction","target":{"@type":"EntryPoint","urlTemplate":"https:\/\/amdt-demenagement.com\/?s={search_term_string}"},"query-input":{"@type":"PropertyValueSpecification","valueRequired":true,"valueName":"search_term_string"}}],"inLanguage":"en-GB"},{"@type":"Organization","@id":"https:\/\/amdt-demenagement.com\/#organization","name":"AMDT - D\u00e9m\u00e9nagement","url":"https:\/\/amdt-demenagement.com\/","logo":{"@type":"ImageObject","inLanguage":"en-GB","@id":"https:\/\/amdt-demenagement.com\/#\/schema\/logo\/image\/","url":"https:\/\/amdt-demenagement.com\/wp-content\/uploads\/2023\/08\/amdt-white-color.png","contentUrl":"https:\/\/amdt-demenagement.com\/wp-content\/uploads\/2023\/08\/amdt-white-color.png","width":251,"height":111,"caption":"AMDT - D\u00e9m\u00e9nagement"},"image":{"@id":"https:\/\/amdt-demenagement.com\/#\/schema\/logo\/image\/"}},{"@type":"Person","@id":"https:\/\/amdt-demenagement.com\/#\/schema\/person\/8ab62dfca7b33c52c1bee287d9294552","name":"Theo Altemuller","image":{"@type":"ImageObject","inLanguage":"en-GB","@id":"https:\/\/amdt-demenagement.com\/#\/schema\/person\/image\/","url":"https:\/\/secure.gravatar.com\/avatar\/a146e691cad3893a3d37ae2a9a0cc13c07650bf8cc571383981b6a4621f942af?s=96&d=mm&r=g","contentUrl":"https:\/\/secure.gravatar.com\/avatar\/a146e691cad3893a3d37ae2a9a0cc13c07650bf8cc571383981b6a4621f942af?s=96&d=mm&r=g","caption":"Theo Altemuller"},"url":"https:\/\/amdt-demenagement.com\/en\/author\/theo\/"}]}},"_links":{"self":[{"href":"https:\/\/amdt-demenagement.com\/en\/wp-json\/wp\/v2\/posts\/2120","targetHints":{"allow":["GET"]}}],"collection":[{"href":"https:\/\/amdt-demenagement.com\/en\/wp-json\/wp\/v2\/posts"}],"about":[{"href":"https:\/\/amdt-demenagement.com\/en\/wp-json\/wp\/v2\/types\/post"}],"author":[{"embeddable":true,"href":"https:\/\/amdt-demenagement.com\/en\/wp-json\/wp\/v2\/users\/2"}],"replies":[{"embeddable":true,"href":"https:\/\/amdt-demenagement.com\/en\/wp-json\/wp\/v2\/comments?post=2120"}],"version-history":[{"count":1,"href":"https:\/\/amdt-demenagement.com\/en\/wp-json\/wp\/v2\/posts\/2120\/revisions"}],"predecessor-version":[{"id":2122,"href":"https:\/\/amdt-demenagement.com\/en\/wp-json\/wp\/v2\/posts\/2120\/revisions\/2122"}],"wp:featuredmedia":[{"embeddable":true,"href":"https:\/\/amdt-demenagement.com\/en\/wp-json\/wp\/v2\/media\/2121"}],"wp:attachment":[{"href":"https:\/\/amdt-demenagement.com\/en\/wp-json\/wp\/v2\/media?parent=2120"}],"wp:term":[{"taxonomy":"category","embeddable":true,"href":"https:\/\/amdt-demenagement.com\/en\/wp-json\/wp\/v2\/categories?post=2120"},{"taxonomy":"post_tag","embeddable":true,"href":"https:\/\/amdt-demenagement.com\/en\/wp-json\/wp\/v2\/tags?post=2120"}],"curies":[{"name":"wp","href":"https:\/\/api.w.org\/{rel}","templated":true}]}}